{"id":1506,"date":"2026-04-27T18:35:15","date_gmt":"2026-04-27T18:35:15","guid":{"rendered":"https:\/\/dynamoseyring.at\/?p=1506"},"modified":"2026-04-27T18:37:55","modified_gmt":"2026-04-27T18:37:55","slug":"ein-dynamo-pardon-hohenauer-lauf","status":"publish","type":"post","link":"https:\/\/dynamoseyring.at\/?p=1506","title":{"rendered":"Ein Dynamo- pardon Hohenauer-Lauf"},"content":{"rendered":"\n<figure class=\"wp-block-image size-full\"><img loading=\"lazy\" decoding=\"async\" width=\"1003\" height=\"664\" src=\"https:\/\/dynamoseyring.at\/wp-content\/uploads\/2026\/04\/image-5.png\" alt=\"\" class=\"wp-image-1509\" srcset=\"https:\/\/dynamoseyring.at\/wp-content\/uploads\/2026\/04\/image-5.png 1003w, https:\/\/dynamoseyring.at\/wp-content\/uploads\/2026\/04\/image-5-300x199.png 300w, https:\/\/dynamoseyring.at\/wp-content\/uploads\/2026\/04\/image-5-768x508.png 768w, https:\/\/dynamoseyring.at\/wp-content\/uploads\/2026\/04\/image-5-850x563.png 850w\" sizes=\"auto, (max-width: 1003px) 100vw, 1003px\" \/><\/figure>\n\n\n\n<p>Der Wettergott war auch beim zweiten diesj\u00e4hrigen Lauf des Weinviertler Cups gn\u00e4dig und belohnte uns mit strahlendem Sonnenschein und angenehmen Temperaturen, auch wenn es etwas windig war.<\/p>\n\n\n\n<p>Diesmal nahmen 8 Starterinnen und Starter den weiten Weg in den Norden nach Hohenau auf sich um beim 29. Au-Lauf ihr Bestes zu geben.<\/p>\n\n\n\n<p>Der weite Weg lohnte sich aber nicht nur, um erneut sein K\u00f6nnen und seine Schnelligkeit unter Beweis zu stellen, auch f\u00fcr die Mitreisenden bzw. Chauffeure und Anfeuerer gab es ein Rahmenprogramm, dass die notwendige Wartezeit zwischen den einzelnen Bewerben wie im Flug vergehen lie\u00df.<\/p>\n\n\n\n<p>Der 1. Bewerb des Tages, der Kinderlauf f\u00fcr unsere U6 \u2013 U10 \u00fcber 600m startete um 13:30 Uhr, gefolgt vom Jugendbewerb. Und unsere Dynamos brillierten hier in allen Altersklassen! &nbsp;Einfach Gro\u00dfartig.<\/p>\n\n\n\n<figure class=\"wp-block-table\"><table class=\"has-fixed-layout\"><tbody><tr><td><strong>Rng<\/strong><\/td><td><strong>Snr<\/strong><\/td><td><strong>Name<\/strong><\/td><td><strong>Vorname<\/strong><\/td><td><strong>Verein\/Ort<\/strong><\/td><td><strong>Jg<\/strong><\/td><td><strong>Ak<\/strong><\/td><td><strong>AkRng<\/strong><\/td><td><strong>Endzeit<\/strong><\/td><\/tr><tr><td>6<\/td><td>17<\/td><td>Mayer<\/td><td>Pauline<\/td><td>Dynamo Seyring<\/td><td>17<\/td><td>W10<\/td><td>2<\/td><td>02:20,6<\/td><\/tr><tr><td>15<\/td><td>7<\/td><td>Flatz<\/td><td>Emma<\/td><td>Dynamo Seyring<\/td><td>17<\/td><td>W10<\/td><td>5<\/td><td>02:49,9<\/td><\/tr><tr><td>22<\/td><td>16<\/td><td>Lehner<\/td><td>Amelie<\/td><td>Dynamo Seyring<\/td><td>19<\/td><td>W8<\/td><td>4<\/td><td>03:03,9<\/td><\/tr><\/tbody><\/table><\/figure>\n\n\n\n<figure class=\"wp-block-image size-large\"><img loading=\"lazy\" decoding=\"async\" width=\"1024\" height=\"613\" src=\"https:\/\/dynamoseyring.at\/wp-content\/uploads\/2026\/04\/image-6-1024x613.png\" alt=\"\" class=\"wp-image-1510\" srcset=\"https:\/\/dynamoseyring.at\/wp-content\/uploads\/2026\/04\/image-6-1024x613.png 1024w, https:\/\/dynamoseyring.at\/wp-content\/uploads\/2026\/04\/image-6-300x180.png 300w, https:\/\/dynamoseyring.at\/wp-content\/uploads\/2026\/04\/image-6-768x460.png 768w, https:\/\/dynamoseyring.at\/wp-content\/uploads\/2026\/04\/image-6-850x509.png 850w, https:\/\/dynamoseyring.at\/wp-content\/uploads\/2026\/04\/image-6.png 1205w\" sizes=\"auto, (max-width: 1024px) 100vw, 1024px\" \/><\/figure>\n\n\n\n<figure class=\"wp-block-table\"><table class=\"has-fixed-layout\"><tbody><tr><td><strong>Rng<\/strong><\/td><td><strong>Snr<\/strong><\/td><td><strong>Name<\/strong><\/td><td><strong>Vorname<\/strong><\/td><td><strong>Verein\/Ort<\/strong><\/td><td><strong>Jg<\/strong><\/td><td><strong>Ak<\/strong><\/td><td><strong>AkRng<\/strong><\/td><td><strong>Endzeit<\/strong><\/td><\/tr><tr><td>4<\/td><td>5<\/td><td>Lehner<\/td><td>Benjamin<\/td><td>Dynamo Seyring<\/td><td>14<\/td><td>M14<\/td><td>2<\/td><td>05:41,9<\/td><\/tr><tr><td>12<\/td><td>6<\/td><td>Schloffer<\/td><td>Marlies<\/td><td>Dynamo Seyring<\/td><td>15<\/td><td>W12<\/td><td>2<\/td><td>07:08,1<\/td><\/tr><tr><td>17<\/td><td>1<\/td><td>Angerer<\/td><td>Melissa<\/td><td>Dynamo Seyring<\/td><td>13<\/td><td>W14<\/td><td>3<\/td><td>08:17,7<\/td><\/tr><tr><td>18<\/td><td>2<\/td><td>Angerer<\/td><td>Viktoria<\/td><td>Dynamo Seyring<\/td><td>16<\/td><td>W12<\/td><td>3<\/td><td>08:53,2<\/td><\/tr><\/tbody><\/table><\/figure>\n\n\n\n<figure class=\"wp-block-image size-large\"><img loading=\"lazy\" decoding=\"async\" width=\"1024\" height=\"578\" src=\"https:\/\/dynamoseyring.at\/wp-content\/uploads\/2026\/04\/image-7-1024x578.png\" alt=\"\" class=\"wp-image-1511\" srcset=\"https:\/\/dynamoseyring.at\/wp-content\/uploads\/2026\/04\/image-7-1024x578.png 1024w, https:\/\/dynamoseyring.at\/wp-content\/uploads\/2026\/04\/image-7-300x169.png 300w, https:\/\/dynamoseyring.at\/wp-content\/uploads\/2026\/04\/image-7-768x434.png 768w, https:\/\/dynamoseyring.at\/wp-content\/uploads\/2026\/04\/image-7-850x480.png 850w, https:\/\/dynamoseyring.at\/wp-content\/uploads\/2026\/04\/image-7.png 1215w\" sizes=\"auto, (max-width: 1024px) 100vw, 1024px\" \/><\/figure>\n\n\n\n<figure class=\"wp-block-image size-full\"><img loading=\"lazy\" decoding=\"async\" width=\"956\" height=\"714\" src=\"https:\/\/dynamoseyring.at\/wp-content\/uploads\/2026\/04\/image-8.png\" alt=\"\" class=\"wp-image-1512\" srcset=\"https:\/\/dynamoseyring.at\/wp-content\/uploads\/2026\/04\/image-8.png 956w, https:\/\/dynamoseyring.at\/wp-content\/uploads\/2026\/04\/image-8-300x224.png 300w, https:\/\/dynamoseyring.at\/wp-content\/uploads\/2026\/04\/image-8-768x574.png 768w, https:\/\/dynamoseyring.at\/wp-content\/uploads\/2026\/04\/image-8-850x635.png 850w\" sizes=\"auto, (max-width: 956px) 100vw, 956px\" \/><\/figure>\n\n\n\n<p>Doch unseren gr\u00f6\u00dferen Kids reichte das nicht mehr, weshalb sich 5 unserer jungen Dynamos den Hobbylauf vornahmen. 4,5 km am Sportplatz und im angrenzenden Umfeld auf Wiese, Asphalt und Schotter gab es zu bestreiten.<\/p>\n\n\n\n<p>Auch diese Ergebnisse lassen sich einmal mehr wirklich Sehen!<\/p>\n\n\n\n<figure class=\"wp-block-image size-full\"><img loading=\"lazy\" decoding=\"async\" width=\"605\" height=\"157\" src=\"https:\/\/dynamoseyring.at\/wp-content\/uploads\/2026\/04\/image-4.png\" alt=\"\" class=\"wp-image-1508\" srcset=\"https:\/\/dynamoseyring.at\/wp-content\/uploads\/2026\/04\/image-4.png 605w, https:\/\/dynamoseyring.at\/wp-content\/uploads\/2026\/04\/image-4-300x78.png 300w\" sizes=\"auto, (max-width: 605px) 100vw, 605px\" \/><\/figure>\n\n\n\n<p>Auch beim Hauptlauf waren wir vertreten:<\/p>\n\n\n\n<figure class=\"wp-block-image size-full\"><img loading=\"lazy\" decoding=\"async\" width=\"605\" height=\"45\" src=\"https:\/\/dynamoseyring.at\/wp-content\/uploads\/2026\/04\/image-3.png\" alt=\"\" class=\"wp-image-1507\" srcset=\"https:\/\/dynamoseyring.at\/wp-content\/uploads\/2026\/04\/image-3.png 605w, https:\/\/dynamoseyring.at\/wp-content\/uploads\/2026\/04\/image-3-300x22.png 300w\" sizes=\"auto, (max-width: 605px) 100vw, 605px\" \/><\/figure>\n\n\n\n<p>Es war ein sch\u00f6ner Nachmittag mit tollen Erfolgen f\u00fcr unsere jungen L\u00e4uferinnen und L\u00e4ufer!<\/p>\n\n\n\n<p>Wir sind gespannt auf das n\u00e4chste Event und hoffen auf viel dynamisches Blau in Wolkersdorf.<\/p>\n\n\n\n<figure class=\"wp-block-image size-large\"><img loading=\"lazy\" decoding=\"async\" width=\"1024\" height=\"716\" src=\"https:\/\/dynamoseyring.at\/wp-content\/uploads\/2026\/04\/image-9-1024x716.png\" alt=\"\" class=\"wp-image-1513\" srcset=\"https:\/\/dynamoseyring.at\/wp-content\/uploads\/2026\/04\/image-9-1024x716.png 1024w, https:\/\/dynamoseyring.at\/wp-content\/uploads\/2026\/04\/image-9-300x210.png 300w, https:\/\/dynamoseyring.at\/wp-content\/uploads\/2026\/04\/image-9-768x537.png 768w, https:\/\/dynamoseyring.at\/wp-content\/uploads\/2026\/04\/image-9-850x594.png 850w, https:\/\/dynamoseyring.at\/wp-content\/uploads\/2026\/04\/image-9.png 1107w\" sizes=\"auto, (max-width: 1024px) 100vw, 1024px\" \/><\/figure>\n\n\n\n<p>von Melanie Lehner<\/p>\n","protected":false},"excerpt":{"rendered":"<p>Der Wettergott war auch beim zweiten diesj\u00e4hrigen Lauf des Weinviertler Cups gn\u00e4dig und belohnte uns mit strahlendem Sonnenschein und angenehmen Temperaturen, auch wenn es etwas windig war. Diesmal nahmen 8 Starterinnen und Starter den weiten Weg in den Norden nach Hohenau auf sich um beim 29. Au-Lauf ihr Bestes zu&#8230;<\/p>\n","protected":false},"author":5,"featured_media":1509,"comment_status":"closed","ping_status":"open","sticky":false,"template":"","format":"standard","meta":{"footnotes":""},"categories":[18,5],"tags":[],"class_list":["post-1506","post","type-post","status-publish","format-standard","has-post-thumbnail","hentry","category-laeufe","category-news"],"_links":{"self":[{"href":"https:\/\/dynamoseyring.at\/index.php?rest_route=\/wp\/v2\/posts\/1506","targetHints":{"allow":["GET"]}}],"collection":[{"href":"https:\/\/dynamoseyring.at\/index.php?rest_route=\/wp\/v2\/posts"}],"about":[{"href":"https:\/\/dynamoseyring.at\/index.php?rest_route=\/wp\/v2\/types\/post"}],"author":[{"embeddable":true,"href":"https:\/\/dynamoseyring.at\/index.php?rest_route=\/wp\/v2\/users\/5"}],"replies":[{"embeddable":true,"href":"https:\/\/dynamoseyring.at\/index.php?rest_route=%2Fwp%2Fv2%2Fcomments&post=1506"}],"version-history":[{"count":3,"href":"https:\/\/dynamoseyring.at\/index.php?rest_route=\/wp\/v2\/posts\/1506\/revisions"}],"predecessor-version":[{"id":1515,"href":"https:\/\/dynamoseyring.at\/index.php?rest_route=\/wp\/v2\/posts\/1506\/revisions\/1515"}],"wp:featuredmedia":[{"embeddable":true,"href":"https:\/\/dynamoseyring.at\/index.php?rest_route=\/wp\/v2\/media\/1509"}],"wp:attachment":[{"href":"https:\/\/dynamoseyring.at\/index.php?rest_route=%2Fwp%2Fv2%2Fmedia&parent=1506"}],"wp:term":[{"taxonomy":"category","embeddable":true,"href":"https:\/\/dynamoseyring.at\/index.php?rest_route=%2Fwp%2Fv2%2Fcategories&post=1506"},{"taxonomy":"post_tag","embeddable":true,"href":"https:\/\/dynamoseyring.at\/index.php?rest_route=%2Fwp%2Fv2%2Ftags&post=1506"}],"curies":[{"name":"wp","href":"https:\/\/api.w.org\/{rel}","templated":true}]}}