{"id":1250,"date":"2024-05-12T19:19:47","date_gmt":"2024-05-12T19:19:47","guid":{"rendered":"https:\/\/dynamoseyring.at\/?p=1250"},"modified":"2024-05-13T09:22:05","modified_gmt":"2024-05-13T09:22:05","slug":"berggerichtslauf-falkenstein-2024","status":"publish","type":"post","link":"https:\/\/dynamoseyring.at\/?p=1250","title":{"rendered":"Berggerichtslauf Falkenstein 2024"},"content":{"rendered":"\n<p>2. Lauf in der noch jungen Laufsaison in Falkenstein wieder mit zahlreicher dynamischer Beteiligung. Bei hervorragendem Laufwetter haben sich 8 kids, 4 teens und 6 Erwachsene zur aktiven Laufbeteiligung eingefunden. Wie schon gewohnt, hat sich Sandra abermals um die Anmeldung und eine korrekte Startnummernzuteilung gek\u00fcmmert. Hannes \u00fcbernahm diesmal das Aufw\u00e4rmen mit den Kindern. An beide ein &#8220;Dankesch\u00f6n&#8221;! Bevor wir uns die einzelnen L\u00e4ufe im Detail anschauen, m\u00f6chte ich bei diesem Lauf den Startschuss f\u00fcr eine Neuigkeit setzen: Bei jedem Lauf stelle ich ab jetzt ein M\u00e4dchen und einen Burschen vor, die an diesem Lauftag mit einer besonderen Leistung herausragen &#8211; schauen wir uns gleich an, welche Kinder uns diesmal besonders beeindruckt haben!<\/p>\n\n\n\n<p class=\"has-black-color has-text-color has-link-color wp-elements-402d8ea467a4048546ff90e9963ae879\">Leerraum<\/p>\n\n\n\n<div class=\"wp-block-group\"><div class=\"wp-block-group__inner-container is-layout-constrained wp-block-group-is-layout-constrained\">\n<figure class=\"wp-block-image size-full is-resized\"><img loading=\"lazy\" decoding=\"async\" width=\"228\" height=\"478\" src=\"https:\/\/dynamoseyring.at\/wp-content\/uploads\/2024\/05\/Paula-1.jpg\" alt=\"\" class=\"wp-image-1252\" style=\"width:114px;height:auto\" srcset=\"https:\/\/dynamoseyring.at\/wp-content\/uploads\/2024\/05\/Paula-1.jpg 228w, https:\/\/dynamoseyring.at\/wp-content\/uploads\/2024\/05\/Paula-1-143x300.jpg 143w\" sizes=\"auto, (max-width: 228px) 100vw, 228px\" \/><\/figure>\n<\/div><\/div>\n\n\n\n<p><strong>Paula, Jahrgang 2017, startet in dieser Saison in der Klasse u8 weiblich.<\/strong><br>Im ersten Lauf in Spannberg konnte sich Paula schon mit einer tollen Zeit ganz weit vorne platzieren, ihre Altersklasse hatte sie \u00fcberlegen gewonnen. In Falkenstein konnte sie ihre Leistung weiter steigern, sie finishte als Tagesschnellste gegen die mitunter um 2 Jahre \u00e4ltere Konkurrenz. Einzig zwei um 2 Jahre \u00e4ltere Burschen waren an diesem Tag schneller als sie &#8211; eine grandiose Laufleistung, wir sind schon auf die n\u00e4chsten L\u00e4ufe gespannt!<\/p>\n\n\n\n<p class=\"has-black-color has-text-color has-link-color wp-elements-402d8ea467a4048546ff90e9963ae879\">Leerraum<\/p>\n\n\n\n<figure class=\"wp-block-image size-full\"><img loading=\"lazy\" decoding=\"async\" width=\"156\" height=\"287\" src=\"https:\/\/dynamoseyring.at\/wp-content\/uploads\/2024\/05\/Moritz.jpg\" alt=\"Moritz\" class=\"wp-image-1254\"\/><\/figure>\n\n\n\n<p><strong>Moritz, Jahrgang 2012, startet in dieser Saison in der Klasse u14 m\u00e4nnlich.<\/strong><br>Im Winter flei\u00dfig trainiert, konnte er beim Wintercup auf den l\u00e4ngeren Distanzen mit tollen Laufzeiten aufzeigen &#8211; ab M\u00e4rz musste er dann krankheitsbedingt sehr lange pausieren &#8211; in der noch jungen Saison absolvierte er in Falkenstein erst seinen 3. Lauf inkl. Trainingseinheit. Im abermals \u00fcberdurchschnittlich schnellen Jugendlauf war er zwar diesmal chancenlos, absolvierte aber anschlie\u00dfend zu Trainingszwecken noch den 10 km langen Berggerichtslauf mit der erwachsenen Konkurrenz. Belohnt wurde Moritz dort f\u00fcr seine Ausdauerleistung mit dem 2. Platz in der Klasse mu20 &#8211; zur\u00fcckgelegt an diesem Tag: 1500 m Jugendlauf + 10 000 m Hauptlauf &#8211; wir freuen uns auf weitere tolle Leistungen!<\/p>\n\n\n\n<p class=\"has-black-color has-text-color has-link-color wp-elements-402d8ea467a4048546ff90e9963ae879\">Leerraum<\/p>\n\n\n\n<figure class=\"wp-block-image size-large is-resized\"><img loading=\"lazy\" decoding=\"async\" width=\"1024\" height=\"616\" src=\"https:\/\/dynamoseyring.at\/wp-content\/uploads\/2024\/05\/Gruppenbild_Falkenstein-1024x616.jpg\" alt=\"Dynamos Falkenstein 2024\" class=\"wp-image-1257\" style=\"width:840px;height:auto\" srcset=\"https:\/\/dynamoseyring.at\/wp-content\/uploads\/2024\/05\/Gruppenbild_Falkenstein-1024x616.jpg 1024w, https:\/\/dynamoseyring.at\/wp-content\/uploads\/2024\/05\/Gruppenbild_Falkenstein-300x180.jpg 300w, https:\/\/dynamoseyring.at\/wp-content\/uploads\/2024\/05\/Gruppenbild_Falkenstein-768x462.jpg 768w, https:\/\/dynamoseyring.at\/wp-content\/uploads\/2024\/05\/Gruppenbild_Falkenstein-850x511.jpg 850w, https:\/\/dynamoseyring.at\/wp-content\/uploads\/2024\/05\/Gruppenbild_Falkenstein.jpg 1111w\" sizes=\"auto, (max-width: 1024px) 100vw, 1024px\" \/><\/figure>\n\n\n\n<p class=\"has-black-color has-text-color has-link-color wp-elements-402d8ea467a4048546ff90e9963ae879\">Leerraum<\/p>\n\n\n\n<p>Nun kommen wir zu den einzelnen L\u00e4ufen: Um 15 Uhr war der erste Start f\u00fcr den Kinderlauf geplant &#8211; den Beginn machten diesmal die Burschen, Jahrgang 2015 und j\u00fcnger. Schon ein paar Minuten sp\u00e4ter wurden die M\u00e4dels derselben Jahrg\u00e4nge auf die Laufstrecke geschickt. Der Start erfolgte direkt am Ende der Kellergasse &#8211; weinvierteltypisch folgt gleich zu Beginn ein kurzer, aber f\u00fcr Kinder knackiger Anstieg, dann ein St\u00fcck geradeaus, eine enge Wende und alles retour, der Zieleinlauf erfolgt recht rasant, da es ja dann das zuerst Bergaufst\u00fcck bergab geht. Wir sprechen von einer Streckenl\u00e4nge \u00fcber 500 m. F\u00fcr den Dynamo Seyring am Start waren Paula, Martina, Linus, Viktoria, Oskar, Arno, V\u00e1clav und Maria. Unsere M\u00e4dels hatten uns ja in der letzten Laufsaison mit Seriensiegen verw\u00f6hnt, wir k\u00f6nnen uns heute abermals bei den M\u00e4dchen \u00fcber Klassensiege in allen 3 Wertungsklassen freuen &#8211; herzliche Gratulation M\u00e4dels, Ihr seid super gelaufen! Linus konnte in der Klasse mu8 noch einen weiteren Stockerlplatz erlaufen &#8211; 2. Platz &#8211; auch hier gratulieren wir herzlich. Nat\u00fcrlich sind auch alle anderen toll gelaufen &#8211; der Lauf in Falkenstein ist traditionell immer l\u00e4uferisch sehr stark besetzt. Im Anschluss alle Ergebnisse des Kinderlaufs im Detail:<\/p>\n\n\n\n<p class=\"has-black-color has-text-color has-link-color wp-elements-25e760d6832ff1e43f43d85cdb6aa643\">Lerrraum<\/p>\n\n\n\n<figure class=\"wp-block-image size-large\"><img loading=\"lazy\" decoding=\"async\" width=\"1024\" height=\"316\" src=\"https:\/\/dynamoseyring.at\/wp-content\/uploads\/2024\/05\/Ergebnis_kids_Falkenstein-1024x316.jpg\" alt=\"Ergebnis Dynamo Seyring_kids_2024\" class=\"wp-image-1260\" srcset=\"https:\/\/dynamoseyring.at\/wp-content\/uploads\/2024\/05\/Ergebnis_kids_Falkenstein-1024x316.jpg 1024w, https:\/\/dynamoseyring.at\/wp-content\/uploads\/2024\/05\/Ergebnis_kids_Falkenstein-300x93.jpg 300w, https:\/\/dynamoseyring.at\/wp-content\/uploads\/2024\/05\/Ergebnis_kids_Falkenstein-768x237.jpg 768w, https:\/\/dynamoseyring.at\/wp-content\/uploads\/2024\/05\/Ergebnis_kids_Falkenstein-850x262.jpg 850w, https:\/\/dynamoseyring.at\/wp-content\/uploads\/2024\/05\/Ergebnis_kids_Falkenstein.jpg 1427w\" sizes=\"auto, (max-width: 1024px) 100vw, 1024px\" \/><\/figure>\n\n\n\n<p class=\"has-black-color has-text-color has-link-color wp-elements-402d8ea467a4048546ff90e9963ae879\">Leerraum<\/p>\n\n\n\n<p>Kommen wir zum Jugendlauf &#8211; in Falkenstein werden die \u00e4lteren kids schon w\u00fcrdig auf den Hauptlauf vorbereitet &#8211; ein mehr als anspruchsvoller Lauf \u00fcber etwa 1500 m. Der Lauf startet mit einem heftigen Bergaufst\u00fcck, das den jugendlichen L\u00e4ufern schon alles abverlangt. Wichtig bei diesem Lauf ist mitunter auch, taktisch richtig zu laufen, um sich nicht schon zu Beginn zu verausgaben. In diesem Lauf konnten wir vier TeilnehmerInnen auf die Strecke schicken: Benni, Martina, Moritz und Melissa. In Spannberg hatte sich schon abgezeichnet, dass die Klasse mu12 heuer scheinbar das Ma\u00df aller Dinge sein wird &#8211; so auch in diesem Lauf. Die j\u00fcngsten im Feld finishten abermals mit nahezu unglaublichen Laufzeiten und das bei diesem schwierigen Lauf. Zur Einordnung: der 5-Platzierte der Klasse mu12 war noch immer fast eine halbe Minute schneller, als der Gesamtsieger aller Jugendklassen aus dem Vorjahr &#8211; also auch diesmal wieder ein Wahnsinnsmatch um die Stockerlpl\u00e4tze. Angespornt durch die schnellen u12er lief dann aber das gesamte Feld tolle Zeiten &#8211; unsere vier StarterInnen konnten 2 Stockerlpl\u00e4tze ergattern &#8211; Benni, sieggewohnt, musste sich bei diesem Lauf mit Rang 3 begn\u00fcgen, Martina erlief in der Klasse wu12 den 2. Platz &#8211; herzliche Gratulation Euch beiden! Moritz finishte als 8. der Klasse mu14, Melissa als 6. der Klasse wu12 &#8211; wir gratulieren auch Euch zu Eurer tollen Leistung! Abschlie\u00dfend die Ergebnisse im Detail:<\/p>\n\n\n\n<p class=\"has-black-color has-text-color has-link-color wp-elements-402d8ea467a4048546ff90e9963ae879\">Leerraum<\/p>\n\n\n\n<figure class=\"wp-block-image size-large\"><img loading=\"lazy\" decoding=\"async\" width=\"1024\" height=\"153\" src=\"https:\/\/dynamoseyring.at\/wp-content\/uploads\/2024\/05\/Ergebnis_teens_Falkenstein-1024x153.jpg\" alt=\"Ergebnis Dynamo Seyring_Falkenstein_2024\" class=\"wp-image-1262\" srcset=\"https:\/\/dynamoseyring.at\/wp-content\/uploads\/2024\/05\/Ergebnis_teens_Falkenstein-1024x153.jpg 1024w, https:\/\/dynamoseyring.at\/wp-content\/uploads\/2024\/05\/Ergebnis_teens_Falkenstein-300x45.jpg 300w, https:\/\/dynamoseyring.at\/wp-content\/uploads\/2024\/05\/Ergebnis_teens_Falkenstein-768x115.jpg 768w, https:\/\/dynamoseyring.at\/wp-content\/uploads\/2024\/05\/Ergebnis_teens_Falkenstein-850x127.jpg 850w, https:\/\/dynamoseyring.at\/wp-content\/uploads\/2024\/05\/Ergebnis_teens_Falkenstein.jpg 1440w\" sizes=\"auto, (max-width: 1024px) 100vw, 1024px\" \/><\/figure>\n\n\n\n<p class=\"has-black-color has-text-color has-link-color wp-elements-402d8ea467a4048546ff90e9963ae879\">Leerraum<\/p>\n\n\n\n<p>Schau rein ins Fotoalbum von Falkenstein &#8211; danke Monika f\u00fcrs Fotografieren!<\/p>\n\n\n\n<figure class=\"wp-block-embed is-type-rich is-provider-flickr wp-block-embed-flickr\"><div class=\"wp-block-embed__wrapper\">\n<a data-flickr-embed='true' href='https:\/\/www.flickr.com\/photos\/dynamoseyring\/albums\/72177720316911989' title='Falkenstein 2024 by dynamo seyring, on Flickr'><img src='https:\/\/live.staticflickr.com\/65535\/53716155831_450a87f7fa_z.jpg' width='800' height='600' alt='IMG_9919'><\/a><script async src='https:\/\/embedr.flickr.com\/assets\/client-code.js' charset='utf-8'><\/script>\n<\/div><\/figure>\n\n\n\n<p class=\"has-black-color has-text-color has-link-color wp-elements-402d8ea467a4048546ff90e9963ae879\">Leerraum<\/p>\n\n\n\n<p>Kommen wir nun zum letzten Lauf des unglaublich spannenden Lauftages der Kinder und Jugendlichen. Nach der Siegerehrung der J\u00fcngsten erfolgte um 16:30 das Startsignal zum Berggerichtslauf in Falkenstein. Einmal gelaufen &#8211; vor wenn ich mich richtig erinnere, etwa 14 Jahren, nehme ich mir jedes Jahr vor, dort endlich wieder mal zu starten &#8230; jedes Jahr gabs dann irgendein anderes Hindernis, aber heuer war es dann doch soweit, gemeinsam mit Moritz, Monika, Hannes, V\u00e1clav, und Anita &#8230; und Kerstin (Ex-Dynamo) war nat\u00fcrlich auch dabei &#8211; ging es an den Start.<\/p>\n\n\n\n<p>F\u00fcr alle, die den Lauf noch nicht kennen: ein Highlight, ein wundersch\u00f6ner, wenn auch phasenweise anstrengender Lauf &#8211; die ersten etwa 3 km geht es recht viel bergauf, da brauchts schon eine ordentliche Portion Grundfitness um durchlaufen zu k\u00f6nnen, aber danach ist der Rest ein wahrer Genusslauf durch eine wundersch\u00f6ne Landschaft, der am Ende noch rund um die Burg Falkenstein f\u00fchrt, um dann nach einer Durchquerung von Falkenstein ein w\u00fcrdiges Finale im Hinauflaufen der wundersch\u00f6nen Kellergasse findet. Wir d\u00fcrfen auch hier zu 2 Stockerlpl\u00e4tzen gratulieren: Kerstin wurde 3. in der Allgemeinen Klasse w, Moritz erk\u00e4mpfte sich den 2. Platz in der Klasse mu20 &#8211; spitze!<\/p>\n\n\n\n<p class=\"has-black-color has-text-color has-link-color wp-elements-402d8ea467a4048546ff90e9963ae879\">Leerraum<\/p>\n\n\n\n<figure class=\"wp-block-image size-full\"><img loading=\"lazy\" decoding=\"async\" width=\"286\" height=\"439\" src=\"https:\/\/dynamoseyring.at\/wp-content\/uploads\/2024\/05\/Siegerehrung_Hauptlauf.jpg\" alt=\"Siegerehrung_Falkenstein 2024_KerstinundMoritz\" class=\"wp-image-1272\" srcset=\"https:\/\/dynamoseyring.at\/wp-content\/uploads\/2024\/05\/Siegerehrung_Hauptlauf.jpg 286w, https:\/\/dynamoseyring.at\/wp-content\/uploads\/2024\/05\/Siegerehrung_Hauptlauf-195x300.jpg 195w\" sizes=\"auto, (max-width: 286px) 100vw, 286px\" \/><\/figure>\n\n\n\n<p><em>Moritz und Kerstin &#8211; Bilder von der Siegerehrung<\/em><\/p>\n\n\n\n<p class=\"has-black-color has-text-color has-link-color wp-elements-402d8ea467a4048546ff90e9963ae879\">Leerraum<\/p>\n\n\n\n<p>Erfreulich: Nachdem wir in Spannberg mit sage und schreibe 2 Mannschaften f\u00fcr die Mannschaftswertung angeschrieben haben, sind wir auch diesmal mit einer Mannschaft dabei gewesen! Und hier gleich eine Bitte in eigener Vereinssache an alle, die bei den Hauptl\u00e4ufen starten und sich zum Verein Dynamo Seyring zugeh\u00f6rig f\u00fchlen \ud83d\ude42 &#8230; bitte vergesst bei der Anmeldung nicht, den Verein dazuzuschreiben, um Punkte f\u00fcr die Mannschaftswertung zu sammeln brauchen wir immer mind. 5 L\u00e4ufer, und von diesen 5 muss mind. eine Dame dabei sein. Abschlie\u00dfend noch die Ergebnisse des Hauptlaufs in Detail:<\/p>\n\n\n\n<p class=\"has-black-color has-text-color has-link-color wp-elements-402d8ea467a4048546ff90e9963ae879\">Leerraum<\/p>\n\n\n\n<p>V\u00e1clav: 59:13,5<br>Kerstin: 1:00:04,4<br>Anita: 1:01:21,8<br>Moritz: 1:12:40,5<br>Sabine: 1:12:40,9<br>Monika: 1:24:11,1<br>Hannes: 1:26:46,0<\/p>\n\n\n\n<p class=\"has-black-color has-text-color has-link-color wp-elements-402d8ea467a4048546ff90e9963ae879\">Leerraum<\/p>\n\n\n\n<p>Fotos von Hans Newetschny kannst du dir noch <a href=\"http:\/\/www.newetschny.com\/\" target=\"_blank\" rel=\"noreferrer noopener\">HIER<\/a> anschauen!<\/p>\n","protected":false},"excerpt":{"rendered":"<p>2. Lauf in der noch jungen Laufsaison in Falkenstein wieder mit zahlreicher dynamischer Beteiligung. Bei hervorragendem Laufwetter haben sich 8 kids, 4 teens und 6 Erwachsene zur aktiven Laufbeteiligung eingefunden. Wie schon gewohnt, hat sich Sandra abermals um die Anmeldung und eine korrekte Startnummernzuteilung gek\u00fcmmert. Hannes \u00fcbernahm diesmal das Aufw\u00e4rmen&#8230;<\/p>\n","protected":false},"author":6,"featured_media":0,"comment_status":"closed","ping_status":"open","sticky":false,"template":"","format":"standard","meta":{"footnotes":""},"categories":[18,5],"tags":[],"class_list":["post-1250","post","type-post","status-publish","format-standard","hentry","category-laeufe","category-news"],"_links":{"self":[{"href":"https:\/\/dynamoseyring.at\/index.php?rest_route=\/wp\/v2\/posts\/1250","targetHints":{"allow":["GET"]}}],"collection":[{"href":"https:\/\/dynamoseyring.at\/index.php?rest_route=\/wp\/v2\/posts"}],"about":[{"href":"https:\/\/dynamoseyring.at\/index.php?rest_route=\/wp\/v2\/types\/post"}],"author":[{"embeddable":true,"href":"https:\/\/dynamoseyring.at\/index.php?rest_route=\/wp\/v2\/users\/6"}],"replies":[{"embeddable":true,"href":"https:\/\/dynamoseyring.at\/index.php?rest_route=%2Fwp%2Fv2%2Fcomments&post=1250"}],"version-history":[{"count":20,"href":"https:\/\/dynamoseyring.at\/index.php?rest_route=\/wp\/v2\/posts\/1250\/revisions"}],"predecessor-version":[{"id":1310,"href":"https:\/\/dynamoseyring.at\/index.php?rest_route=\/wp\/v2\/posts\/1250\/revisions\/1310"}],"wp:attachment":[{"href":"https:\/\/dynamoseyring.at\/index.php?rest_route=%2Fwp%2Fv2%2Fmedia&parent=1250"}],"wp:term":[{"taxonomy":"category","embeddable":true,"href":"https:\/\/dynamoseyring.at\/index.php?rest_route=%2Fwp%2Fv2%2Fcategories&post=1250"},{"taxonomy":"post_tag","embeddable":true,"href":"https:\/\/dynamoseyring.at\/index.php?rest_route=%2Fwp%2Fv2%2Ftags&post=1250"}],"curies":[{"name":"wp","href":"https:\/\/api.w.org\/{rel}","templated":true}]}}